{"name":"Assembl\u00e9e de Dieu de P\u00e9rigueux et Bergerac","short_name":"Assembl\u00e9e de Dieu de P\u00e9rigueux et Bergerac","theme_color":"#4ebce8","background_color":"#000000","display":"standalone","Scope":"https:\/\/www.egliseevangeliqueperigueux.fr\/","start_url":"https:\/\/www.egliseevangeliqueperigueux.fr\/?app=1","icons":[{"src":"https:\/\/cdn-cms.f-static.net\/uploads\/2930093\/192_192_crop_5e661551a3d53_5e04fec7e4b3a.png","sizes":"192x192","type":"image\/png"},{"src":"https:\/\/cdn-cms.f-static.net\/uploads\/2930093\/normal_crop_5e661551a3d53_5e04fec7e4b3a.png","sizes":"512x512","type":"image\/png"}]}